{"id":20950,"date":"2016-11-25T00:00:00","date_gmt":"2016-11-24T23:00:00","guid":{"rendered":"https:\/\/www.elcarmelo.eus\/formacion-en-residencia-jose-maria-azkuna-bach-1\/"},"modified":"2016-11-25T00:00:00","modified_gmt":"2016-11-24T23:00:00","slug":"formacion-en-residencia-jose-maria-azkuna-bach-1","status":"publish","type":"post","link":"https:\/\/elcarmelo.eus\/es\/formacion-en-residencia-jose-maria-azkuna-bach-1\/","title":{"rendered":"Formaci\u00f3n en Residencia Jos\u00e9 Mar\u00eda Azkuna &#8211; BACH 1"},"content":{"rendered":"<p>[fusion_builder_container hundred_percent=\u00bbno\u00bb equal_height_columns=\u00bbno\u00bb hide_on_mobile=\u00bbsmall-visibility,medium-visibility,large-visibility\u00bb background_position=\u00bbcenter center\u00bb background_repeat=\u00bbno-repeat\u00bb fade=\u00bbno\u00bb background_parallax=\u00bbnone\u00bb parallax_speed=\u00bb0.3&#8243; video_aspect_ratio=\u00bb16:9&#8243; video_loop=\u00bbyes\u00bb video_mute=\u00bbyes\u00bb overlay_opacity=\u00bb0.5&#8243; border_style=\u00bbsolid\u00bb][fusion_builder_row][fusion_builder_column type=\u00bb1_1&#8243; layout=\u00bb1_1&#8243; background_position=\u00bbleft top\u00bb background_color=\u00bb\u00bb border_size=\u00bb\u00bb border_color=\u00bb\u00bb border_style=\u00bbsolid\u00bb border_position=\u00bball\u00bb spacing=\u00bbyes\u00bb background_image=\u00bb\u00bb background_repeat=\u00bbno-repeat\u00bb padding=\u00bb\u00bb margin_top=\u00bb0px\u00bb margin_bottom=\u00bb0px\u00bb class=\u00bb\u00bb id=\u00bb\u00bb animation_type=\u00bb\u00bb animation_speed=\u00bb0.3&#8243; animation_direction=\u00bbleft\u00bb hide_on_mobile=\u00bbsmall-visibility,medium-visibility,large-visibility\u00bb center_content=\u00bbno\u00bb last=\u00bbno\u00bb min_height=\u00bb\u00bb hover_type=\u00bbnone\u00bb link=\u00bb\u00bb][fusion_text]Esta ma\u00f1ana 21 alumnos de 1\u00ba de Bachiller han participado en una jornada de formaci\u00f3n sobre demencias y habilidades sociales, en la Residencia Jos\u00e9 Mar\u00eda Azkuna de Amorebieta-Etxano, para prepararse para las actividades que empezar\u00e1n a realizar a partir de la pr\u00f3xima semana.<\/p>\n<p>&nbsp;<\/p>\n<p><a href=\"https:\/\/drive.google.com\/embeddedfolderview?id=0B3L-C2EDzd5-M3cwLXkxVTE1bTg#grid\"><img loading=\"lazy\" decoding=\"async\" class=\"aligncenter wp-image-995 size-medium\" src=\"http:\/\/elcarmelo.eus\/wp-content\/uploads\/2015\/10\/argazkiak-ikusi_es-300x100.png\" alt=\"argazkiak-ikusi_es\" width=\"300\" height=\"100\" \/><\/a><\/p>\n<p>&nbsp;<\/p>\n<p><span style=\"font-weight: 400;\">Primeramente la trabajadora social les ha presentado el funcionamiento de la Residencia y la importancia de trabajo en equipo de todos los profesionales del centro. Se ha remarcado que si el trabajo no es com\u00fan, el proyecto no puede salir adelante.<\/span><\/p>\n<p><span style=\"font-weight: 400;\">Despu\u00e9s se ha presentado, por la doctora del centro, el cuadro de enfermedades que se da en una residencia de ancianos. Este conocimiento es muy importante, para despu\u00e9s no actuar de modo negativo con los ancianos. La psic\u00f3loga, por su parte, nos ha explicado la importancia de comprender el motivo de las enfermedades, para no menospreciar a nadie y evitar un conflicto, pues una conducta no esperada no debe ser considerada como algo personal ni social, sino como consecuencia de una enfermedad.<\/span><\/p>\n<p><span style=\"font-weight: 400;\">La animadora social del centro nos explicado, finalmente, las tareas de estimulaci\u00f3n que se realizan con los ancianos dependiendo de sus necesidad personales, sociales y degenerativas.<\/span><\/p>\n<p><span style=\"font-weight: 400;\">La jornada ha concluido con una pr\u00e1cticas previas para empatizar con las demencias que viven algunos ancianos, para despu\u00e9s aprender a como tratar y trabajara nuestros ancianos.<\/span><\/p>\n<p><span style=\"font-weight: 400;\">Nos hemos despedido hasta la pr\u00f3xima semana, cuando ya entraremos a trabajar con los ancianos, con pautas bien marcadas, y con profesionales que nos ense\u00f1ar\u00e1n a desarrollarnos como personas y como miembros activos de una sociedad. <\/span><\/p>\n<p><span style=\"font-weight: 400;\">Gaur Goizean 1. Batxilergoko 21 ikaslek parte hartu dute Zornotzako Jos\u00e9 Mar\u00eda Azkuna Errezidentziako jardunaldi baten, dementzia eta trebetasun sozialeri buruzkoa, datorren astetik aurrera hasiko diren jardueretarako prestatzeko.<\/span>[\/fusion_text][\/fusion_builder_column][\/fusion_builder_row][\/fusion_builder_container]<\/p>\n","protected":false},"excerpt":{"rendered":"<p class=\"resumen\"><a href=\"https:\/\/elcarmelo.eus\/es\/formacion-en-residencia-jose-maria-azkuna-bach-1\/\">[fusion_builder_container hundred_percent=\u00bbno\u00bb equal_height_columns=\u00bbno\u00bb hide_on_mobile=\u00bbsmall-visibility,medium-visibility,large-visibility\u00bb background_position=\u00bbcenter center\u00bb background_repeat=\u00bbno-repeat\u00bb fade=\u00bbno\u00bb background_parallax=\u00bbnone\u00bb parallax_speed=\u00bb0.3&#8243; video_aspect_ratio=\u00bb16:9&#8243; video_loop=\u00bbyes\u00bb video_mute=\u00bbyes\u00bb overlay_opacity=\u00bb0.5&#8243; border_style=\u00bbsolid\u00bb][fusion_builder_row][fusion_builder_column type=\u00bb1_1&#8243; layout=\u00bb1_1&#8243; background_position=\u00bbleft top\u00bb background_color=\u00bb\u00bb  [&hellip;]<\/a><\/p>\n","protected":false},"author":7,"featured_media":17746,"comment_status":"open","ping_status":"closed","sticky":false,"template":"","format":"standard","meta":{"pgc_sgb_lightbox_settings":"","footnotes":""},"categories":[195,1],"tags":[],"class_list":["post-20950","post","type-post","status-publish","format-standard","has-post-thumbnail","hentry","category-bachillerato","category-noticias"],"_links":{"self":[{"href":"https:\/\/elcarmelo.eus\/es\/wp-json\/wp\/v2\/posts\/20950","targetHints":{"allow":["GET"]}}],"collection":[{"href":"https:\/\/elcarmelo.eus\/es\/wp-json\/wp\/v2\/posts"}],"about":[{"href":"https:\/\/elcarmelo.eus\/es\/wp-json\/wp\/v2\/types\/post"}],"author":[{"embeddable":true,"href":"https:\/\/elcarmelo.eus\/es\/wp-json\/wp\/v2\/users\/7"}],"replies":[{"embeddable":true,"href":"https:\/\/elcarmelo.eus\/es\/wp-json\/wp\/v2\/comments?post=20950"}],"version-history":[{"count":0,"href":"https:\/\/elcarmelo.eus\/es\/wp-json\/wp\/v2\/posts\/20950\/revisions"}],"wp:featuredmedia":[{"embeddable":true,"href":"https:\/\/elcarmelo.eus\/es\/wp-json\/wp\/v2\/media\/17746"}],"wp:attachment":[{"href":"https:\/\/elcarmelo.eus\/es\/wp-json\/wp\/v2\/media?parent=20950"}],"wp:term":[{"taxonomy":"category","embeddable":true,"href":"https:\/\/elcarmelo.eus\/es\/wp-json\/wp\/v2\/categories?post=20950"},{"taxonomy":"post_tag","embeddable":true,"href":"https:\/\/elcarmelo.eus\/es\/wp-json\/wp\/v2\/tags?post=20950"}],"curies":[{"name":"wp","href":"https:\/\/api.w.org\/{rel}","templated":true}]}}