{"id":50702,"date":"2026-04-27T16:21:36","date_gmt":"2026-04-27T14:21:36","guid":{"rendered":"https:\/\/elcarmelo.eus\/arin-arin-erbiaren-abenturak\/"},"modified":"2026-04-27T16:23:41","modified_gmt":"2026-04-27T14:23:41","slug":"arin-arin-erbiaren-abenturak","status":"publish","type":"post","link":"https:\/\/elcarmelo.eus\/es\/arin-arin-erbiaren-abenturak\/","title":{"rendered":"Las aventuras de la liebre Arin Arin"},"content":{"rendered":"\n<p><img loading=\"lazy\" decoding=\"async\" width=\"600\" height=\"450\" class=\"wp-image-50700\" style=\"width: 600px;\" src=\"https:\/\/elcarmelo.eus\/wp-content\/uploads\/2026\/04\/IMG_20260424_104542-scaled.jpg\" alt=\"\" srcset=\"https:\/\/elcarmelo.eus\/wp-content\/uploads\/2026\/04\/IMG_20260424_104542-scaled.jpg 2560w, https:\/\/elcarmelo.eus\/wp-content\/uploads\/2026\/04\/IMG_20260424_104542-1200x900.jpg 1200w, https:\/\/elcarmelo.eus\/wp-content\/uploads\/2026\/04\/IMG_20260424_104542-768x576.jpg 768w, https:\/\/elcarmelo.eus\/wp-content\/uploads\/2026\/04\/IMG_20260424_104542-1536x1152.jpg 1536w, https:\/\/elcarmelo.eus\/wp-content\/uploads\/2026\/04\/IMG_20260424_104542-2048x1536.jpg 2048w\" sizes=\"auto, (max-width: 600px) 100vw, 600px\" \/><\/p>\n\n\n\n<p>Hoy los grupos de <strong>Infantil, 1.\u00ba y 2.\u00ba de Primaria<\/strong> hemos disfrutado de una representaci\u00f3n muy especial sobre la importancia de tener <strong>buenos h\u00e1bitos para cuidar la naturaleza<\/strong>.<\/p>\n\n\n\n<p>Entre risas, canciones y alg\u00fan que otro momento divertido, hemos recordado que peque\u00f1os gestos como <strong>tirar la basura en su sitio o cuidar las plantas<\/strong> pueden ayudar mucho a nuestro planeta.<\/p>\n\n\n\n<p>Los ni\u00f1os y ni\u00f1as han participado con mucha ilusi\u00f3n y han aprendido que la naturaleza no se cuida sola\u2026 \u00a1necesita superh\u00e9roes y superhero\u00ednas como ellos\/as!<\/p>\n\n\n\n<p>Ha sido una actividad cercana, divertida y muy educativa que nos anima a seguir cuidando nuestro entorno cada d\u00eda.<\/p>\n\n\n\n<p><a href=\"https:\/\/drive.google.com\/drive\/folders\/1_nilhVHhvCKOABeOHwS7miTE2RcDd9wH?usp=drive_link\"><img loading=\"lazy\" decoding=\"async\" width=\"300\" height=\"450\" class=\"wp-image-47544\" style=\"width: 300px;\" src=\"https:\/\/elcarmelo.eus\/wp-content\/uploads\/2025\/09\/argazkiak-ikusten-_1_-_3_-1.jpeg\" alt=\"\"><\/a><\/p>\n","protected":false},"excerpt":{"rendered":"<p class=\"resumen\"><a href=\"https:\/\/elcarmelo.eus\/es\/arin-arin-erbiaren-abenturak\/\">Hoy los grupos de Infantil, 1.\u00ba y 2.\u00ba de Primaria hemos disfrutado de una representaci\u00f3n muy especial sobre la importancia  [&hellip;]<\/a><\/p>\n","protected":false},"author":13,"featured_media":50703,"comment_status":"closed","ping_status":"closed","sticky":false,"template":"","format":"standard","meta":{"pgc_sgb_lightbox_settings":"","footnotes":""},"categories":[297],"tags":[],"class_list":["post-50702","post","type-post","status-publish","format-standard","has-post-thumbnail","hentry","category-a2030-es"],"_links":{"self":[{"href":"https:\/\/elcarmelo.eus\/es\/wp-json\/wp\/v2\/posts\/50702","targetHints":{"allow":["GET"]}}],"collection":[{"href":"https:\/\/elcarmelo.eus\/es\/wp-json\/wp\/v2\/posts"}],"about":[{"href":"https:\/\/elcarmelo.eus\/es\/wp-json\/wp\/v2\/types\/post"}],"author":[{"embeddable":true,"href":"https:\/\/elcarmelo.eus\/es\/wp-json\/wp\/v2\/users\/13"}],"replies":[{"embeddable":true,"href":"https:\/\/elcarmelo.eus\/es\/wp-json\/wp\/v2\/comments?post=50702"}],"version-history":[{"count":1,"href":"https:\/\/elcarmelo.eus\/es\/wp-json\/wp\/v2\/posts\/50702\/revisions"}],"predecessor-version":[{"id":50705,"href":"https:\/\/elcarmelo.eus\/es\/wp-json\/wp\/v2\/posts\/50702\/revisions\/50705"}],"wp:featuredmedia":[{"embeddable":true,"href":"https:\/\/elcarmelo.eus\/es\/wp-json\/wp\/v2\/media\/50703"}],"wp:attachment":[{"href":"https:\/\/elcarmelo.eus\/es\/wp-json\/wp\/v2\/media?parent=50702"}],"wp:term":[{"taxonomy":"category","embeddable":true,"href":"https:\/\/elcarmelo.eus\/es\/wp-json\/wp\/v2\/categories?post=50702"},{"taxonomy":"post_tag","embeddable":true,"href":"https:\/\/elcarmelo.eus\/es\/wp-json\/wp\/v2\/tags?post=50702"}],"curies":[{"name":"wp","href":"https:\/\/api.w.org\/{rel}","templated":true}]}}