{"id":50710,"date":"2026-04-27T16:35:28","date_gmt":"2026-04-27T14:35:28","guid":{"rendered":"https:\/\/elcarmelo.eus\/denok-balio-dugu\/"},"modified":"2026-04-27T16:38:41","modified_gmt":"2026-04-27T14:38:41","slug":"denok-balio-dugu","status":"publish","type":"post","link":"https:\/\/elcarmelo.eus\/es\/denok-balio-dugu\/","title":{"rendered":"\u00a1Todos y todas valemos!"},"content":{"rendered":"\n<p><img loading=\"lazy\" decoding=\"async\" width=\"600\" height=\"800\" class=\"wp-image-50708\" style=\"width: 600px;\" src=\"https:\/\/elcarmelo.eus\/wp-content\/uploads\/2026\/04\/IMG_4012-scaled.jpg\" alt=\"\" srcset=\"https:\/\/elcarmelo.eus\/wp-content\/uploads\/2026\/04\/IMG_4012-scaled.jpg 1920w, https:\/\/elcarmelo.eus\/wp-content\/uploads\/2026\/04\/IMG_4012-900x1200.jpg 900w, https:\/\/elcarmelo.eus\/wp-content\/uploads\/2026\/04\/IMG_4012-768x1024.jpg 768w, https:\/\/elcarmelo.eus\/wp-content\/uploads\/2026\/04\/IMG_4012-1152x1536.jpg 1152w, https:\/\/elcarmelo.eus\/wp-content\/uploads\/2026\/04\/IMG_4012-1536x2048.jpg 1536w\" sizes=\"auto, (max-width: 600px) 100vw, 600px\" \/><\/p>\n\n\n\n<p>El equipo de oro y las ballenas han hecho una peque\u00f1a presentaci\u00f3n del \u00faltimo proyecto elaborado en la zona para los ni\u00f1os y ni\u00f1as de 5 a\u00f1os. \u00bfPondr\u00e1n ellos tambi\u00e9n en marcha el punto de encuentro?<\/p>\n\n\n\n<p><a href=\"https:\/\/drive.google.com\/drive\/folders\/1H4DQeLfDBqIiWSPcTwjdBT0BxPJEIwsd?usp=drive_link\"><img loading=\"lazy\" decoding=\"async\" width=\"300\" height=\"450\" class=\"wp-image-47544\" style=\"width: 300px;\" src=\"https:\/\/elcarmelo.eus\/wp-content\/uploads\/2025\/09\/argazkiak-ikusten-_1_-_3_-1.jpeg\" alt=\"\"><\/a><\/p>\n\n\n\n<p><br><\/p>\n","protected":false},"excerpt":{"rendered":"<p class=\"resumen\"><a href=\"https:\/\/elcarmelo.eus\/es\/denok-balio-dugu\/\">El equipo de oro y las ballenas han hecho una peque\u00f1a presentaci\u00f3n del \u00faltimo proyecto elaborado en la zona para  [&hellip;]<\/a><\/p>\n","protected":false},"author":13,"featured_media":50711,"comment_status":"closed","ping_status":"closed","sticky":false,"template":"","format":"standard","meta":{"pgc_sgb_lightbox_settings":"","footnotes":""},"categories":[266],"tags":[],"class_list":["post-50710","post","type-post","status-publish","format-standard","has-post-thumbnail","hentry","category-lehen-hezkuntza-2"],"_links":{"self":[{"href":"https:\/\/elcarmelo.eus\/es\/wp-json\/wp\/v2\/posts\/50710","targetHints":{"allow":["GET"]}}],"collection":[{"href":"https:\/\/elcarmelo.eus\/es\/wp-json\/wp\/v2\/posts"}],"about":[{"href":"https:\/\/elcarmelo.eus\/es\/wp-json\/wp\/v2\/types\/post"}],"author":[{"embeddable":true,"href":"https:\/\/elcarmelo.eus\/es\/wp-json\/wp\/v2\/users\/13"}],"replies":[{"embeddable":true,"href":"https:\/\/elcarmelo.eus\/es\/wp-json\/wp\/v2\/comments?post=50710"}],"version-history":[{"count":2,"href":"https:\/\/elcarmelo.eus\/es\/wp-json\/wp\/v2\/posts\/50710\/revisions"}],"predecessor-version":[{"id":50714,"href":"https:\/\/elcarmelo.eus\/es\/wp-json\/wp\/v2\/posts\/50710\/revisions\/50714"}],"wp:featuredmedia":[{"embeddable":true,"href":"https:\/\/elcarmelo.eus\/es\/wp-json\/wp\/v2\/media\/50711"}],"wp:attachment":[{"href":"https:\/\/elcarmelo.eus\/es\/wp-json\/wp\/v2\/media?parent=50710"}],"wp:term":[{"taxonomy":"category","embeddable":true,"href":"https:\/\/elcarmelo.eus\/es\/wp-json\/wp\/v2\/categories?post=50710"},{"taxonomy":"post_tag","embeddable":true,"href":"https:\/\/elcarmelo.eus\/es\/wp-json\/wp\/v2\/tags?post=50710"}],"curies":[{"name":"wp","href":"https:\/\/api.w.org\/{rel}","templated":true}]}}