{"id":50719,"date":"2026-04-27T16:46:35","date_gmt":"2026-04-27T14:46:35","guid":{"rendered":"https:\/\/elcarmelo.eus\/edolantzien-dantza\/"},"modified":"2026-04-27T16:49:11","modified_gmt":"2026-04-27T14:49:11","slug":"edolantzien-dantza","status":"publish","type":"post","link":"https:\/\/elcarmelo.eus\/es\/edolantzien-dantza\/","title":{"rendered":"Edolantzien dantza"},"content":{"rendered":"\n<p>El alumnado de quinto curso ha preparado un nuevo videoclip en la asignatura de m\u00fasica, y los vasos de agua han sido los protagonistas principales de la danza. Han demostrado mucha energ\u00eda y una coordinaci\u00f3n excelente cuando han bailado con vasos.<br><strong>Pinchad sobre la imagen para ver el v\u00eddeo<\/strong><\/p>\n\n\n\n<p><a href=\"https:\/\/drive.google.com\/file\/d\/1u9GnkOn2NCaMXPUzMn4NQczYNRv5-Nfp\/view?usp=drive_link\"><img loading=\"lazy\" decoding=\"async\" width=\"700\" height=\"515\" class=\"wp-image-50717\" style=\"width: 700px;\" src=\"https:\/\/elcarmelo.eus\/wp-content\/uploads\/2026\/04\/12345.png\" alt=\"\"><\/a><\/p>\n","protected":false},"excerpt":{"rendered":"<p class=\"resumen\"><a href=\"https:\/\/elcarmelo.eus\/es\/edolantzien-dantza\/\">El alumnado de quinto curso ha preparado un nuevo videoclip en la asignatura de m\u00fasica, y los vasos de agua  [&hellip;]<\/a><\/p>\n","protected":false},"author":13,"featured_media":50720,"comment_status":"closed","ping_status":"closed","sticky":false,"template":"","format":"standard","meta":{"pgc_sgb_lightbox_settings":"","footnotes":""},"categories":[266],"tags":[],"class_list":["post-50719","post","type-post","status-publish","format-standard","has-post-thumbnail","hentry","category-lehen-hezkuntza-2"],"_links":{"self":[{"href":"https:\/\/elcarmelo.eus\/es\/wp-json\/wp\/v2\/posts\/50719","targetHints":{"allow":["GET"]}}],"collection":[{"href":"https:\/\/elcarmelo.eus\/es\/wp-json\/wp\/v2\/posts"}],"about":[{"href":"https:\/\/elcarmelo.eus\/es\/wp-json\/wp\/v2\/types\/post"}],"author":[{"embeddable":true,"href":"https:\/\/elcarmelo.eus\/es\/wp-json\/wp\/v2\/users\/13"}],"replies":[{"embeddable":true,"href":"https:\/\/elcarmelo.eus\/es\/wp-json\/wp\/v2\/comments?post=50719"}],"version-history":[{"count":2,"href":"https:\/\/elcarmelo.eus\/es\/wp-json\/wp\/v2\/posts\/50719\/revisions"}],"predecessor-version":[{"id":50723,"href":"https:\/\/elcarmelo.eus\/es\/wp-json\/wp\/v2\/posts\/50719\/revisions\/50723"}],"wp:featuredmedia":[{"embeddable":true,"href":"https:\/\/elcarmelo.eus\/es\/wp-json\/wp\/v2\/media\/50720"}],"wp:attachment":[{"href":"https:\/\/elcarmelo.eus\/es\/wp-json\/wp\/v2\/media?parent=50719"}],"wp:term":[{"taxonomy":"category","embeddable":true,"href":"https:\/\/elcarmelo.eus\/es\/wp-json\/wp\/v2\/categories?post=50719"},{"taxonomy":"post_tag","embeddable":true,"href":"https:\/\/elcarmelo.eus\/es\/wp-json\/wp\/v2\/tags?post=50719"}],"curies":[{"name":"wp","href":"https:\/\/api.w.org\/{rel}","templated":true}]}}