{"id":50736,"date":"2026-04-28T09:16:57","date_gmt":"2026-04-28T07:16:57","guid":{"rendered":"https:\/\/elcarmelo.eus\/bizikleta-irteera-afos\/"},"modified":"2026-04-28T09:18:24","modified_gmt":"2026-04-28T07:18:24","slug":"bizikleta-irteera-afos","status":"publish","type":"post","link":"https:\/\/elcarmelo.eus\/es\/bizikleta-irteera-afos\/","title":{"rendered":"Salida en bicicleta, AFOS"},"content":{"rendered":"\n<p>Para poner fin a la asignatura de AFOS, hemos realizado dos salidas en bicicleta en las \u00faltimas semanas. Durante unos 90 minutos, hemos recorrido zonas cercanas subiendo y bajando.<\/p>\n\n\n\n<p>En la primera, tomamos el carril bici hacia Durango, desvi\u00e1ndonos despu\u00e9s hacia el barrio de Saratzu. En la segunda, en cambio, seguimos un recorrido dise\u00f1ado por el alumnado a trav\u00e9s de Strava: subimos a Etxano y luego salimos desde el barrio de Arrinda hacia el pol\u00edgono de Zubieta, tomando despu\u00e9s el carril bici hacia Durango para realizar una cronoescalada.<\/p>\n\n\n\n<p>En total, 15 km en 90 minutos. \u00a1No est\u00e1 nada mal!<\/p>\n\n\n<div class=\"pgc-sgb-cb wp-block-pgcsimplygalleryblock-slider \" data-gallery-id=\"3e454024\"style=&quot;min-height:400px&quot;><div class=\"sgb-preloader\" id=\"pr_3e454024\">\n\t<div class=\"sgb-square\" style=\"background:#d4d4d4\"><\/div>\n\t<div class=\"sgb-square\" style=\"background:#d4d4d4\"><\/div>\n\t<div class=\"sgb-square\" style=\"background:#d4d4d4\"><\/div>\n\t<div class=\"sgb-square\" style=\"background:#d4d4d4\"><\/div><\/div><div class=\"simply-gallery-amp pgc_sgb_slider \"><noscript><div class=\"sgb-gallery\"><div class=\"sgb-item\"><a href=\"https:\/\/elcarmelo.eus\/?attachment_id=50725\" target=\"_blank\"><img decoding=\"async\" alt=\"\" width=\"1200\" height=\"900\" loading=\"lazy\" src=\"https:\/\/elcarmelo.eus\/wp-content\/uploads\/2026\/04\/IMG_0810-1200x900.jpg\" srcset=\"https:\/\/elcarmelo.eus\/wp-content\/uploads\/2026\/04\/IMG_0810-1200x900.jpg 1200w,https:\/\/elcarmelo.eus\/wp-content\/uploads\/2026\/04\/IMG_0810-1200x900.jpg 1200w,https:\/\/elcarmelo.eus\/wp-content\/uploads\/2026\/04\/IMG_0810-scaled.jpg 2560w\" sizes=\"auto, 250px\"\/><\/a><\/div><div class=\"sgb-item\"><a href=\"https:\/\/elcarmelo.eus\/?attachment_id=50726\" target=\"_blank\"><img decoding=\"async\" alt=\"\" width=\"900\" height=\"1200\" loading=\"lazy\" src=\"https:\/\/elcarmelo.eus\/wp-content\/uploads\/2026\/04\/IMG_0891-900x1200.jpg\" srcset=\"https:\/\/elcarmelo.eus\/wp-content\/uploads\/2026\/04\/IMG_0891-900x1200.jpg 900w,https:\/\/elcarmelo.eus\/wp-content\/uploads\/2026\/04\/IMG_0891-900x1200.jpg 900w,https:\/\/elcarmelo.eus\/wp-content\/uploads\/2026\/04\/IMG_0891-scaled.jpg 1920w\" sizes=\"auto, 250px\"\/><\/a><\/div><div class=\"sgb-item\"><a href=\"https:\/\/elcarmelo.eus\/?attachment_id=50727\" target=\"_blank\"><img decoding=\"async\" alt=\"\" width=\"900\" height=\"1200\" loading=\"lazy\" src=\"https:\/\/elcarmelo.eus\/wp-content\/uploads\/2026\/04\/IMG_0894-900x1200.jpg\" srcset=\"https:\/\/elcarmelo.eus\/wp-content\/uploads\/2026\/04\/IMG_0894-900x1200.jpg 900w,https:\/\/elcarmelo.eus\/wp-content\/uploads\/2026\/04\/IMG_0894-900x1200.jpg 900w,https:\/\/elcarmelo.eus\/wp-content\/uploads\/2026\/04\/IMG_0894-scaled.jpg 1920w\" sizes=\"auto, 250px\"\/><\/a><\/div><div class=\"sgb-item\"><a href=\"https:\/\/elcarmelo.eus\/?attachment_id=50728\" target=\"_blank\"><img decoding=\"async\" alt=\"\" width=\"1200\" height=\"675\" loading=\"lazy\" src=\"https:\/\/elcarmelo.eus\/wp-content\/uploads\/2026\/04\/IMG_0895-1200x675.jpg\" srcset=\"https:\/\/elcarmelo.eus\/wp-content\/uploads\/2026\/04\/IMG_0895-1200x675.jpg 1200w,https:\/\/elcarmelo.eus\/wp-content\/uploads\/2026\/04\/IMG_0895-1200x675.jpg 1200w,https:\/\/elcarmelo.eus\/wp-content\/uploads\/2026\/04\/IMG_0895-scaled.jpg 2560w\" sizes=\"auto, 250px\"\/><\/a><\/div><div class=\"sgb-item\"><a href=\"https:\/\/elcarmelo.eus\/?attachment_id=50729\" target=\"_blank\"><img decoding=\"async\" alt=\"\" width=\"1200\" height=\"675\" loading=\"lazy\" src=\"https:\/\/elcarmelo.eus\/wp-content\/uploads\/2026\/04\/IMG_0897-1200x675.jpg\" srcset=\"https:\/\/elcarmelo.eus\/wp-content\/uploads\/2026\/04\/IMG_0897-1200x675.jpg 1200w,https:\/\/elcarmelo.eus\/wp-content\/uploads\/2026\/04\/IMG_0897-1200x675.jpg 1200w,https:\/\/elcarmelo.eus\/wp-content\/uploads\/2026\/04\/IMG_0897-scaled.jpg 2560w\" sizes=\"auto, 250px\"\/><\/a><\/div><div class=\"sgb-item\"><a href=\"https:\/\/elcarmelo.eus\/?attachment_id=50730\" target=\"_blank\"><img decoding=\"async\" alt=\"\" width=\"1200\" height=\"675\" loading=\"lazy\" src=\"https:\/\/elcarmelo.eus\/wp-content\/uploads\/2026\/04\/IMG_0900-1200x675.jpg\" srcset=\"https:\/\/elcarmelo.eus\/wp-content\/uploads\/2026\/04\/IMG_0900-1200x675.jpg 1200w,https:\/\/elcarmelo.eus\/wp-content\/uploads\/2026\/04\/IMG_0900-1200x675.jpg 1200w,https:\/\/elcarmelo.eus\/wp-content\/uploads\/2026\/04\/IMG_0900-scaled.jpg 2560w\" sizes=\"auto, 250px\"\/><\/a><\/div><div class=\"sgb-item\"><a href=\"https:\/\/elcarmelo.eus\/?attachment_id=50731\" target=\"_blank\"><img decoding=\"async\" alt=\"\" width=\"1200\" height=\"675\" loading=\"lazy\" src=\"https:\/\/elcarmelo.eus\/wp-content\/uploads\/2026\/04\/IMG_0902-1200x675.jpg\" srcset=\"https:\/\/elcarmelo.eus\/wp-content\/uploads\/2026\/04\/IMG_0902-1200x675.jpg 1200w,https:\/\/elcarmelo.eus\/wp-content\/uploads\/2026\/04\/IMG_0902-1200x675.jpg 1200w,https:\/\/elcarmelo.eus\/wp-content\/uploads\/2026\/04\/IMG_0902-scaled.jpg 2560w\" sizes=\"auto, 250px\"\/><\/a><\/div><div class=\"sgb-item\"><a href=\"https:\/\/elcarmelo.eus\/?attachment_id=50732\" target=\"_blank\"><img decoding=\"async\" alt=\"\" width=\"1200\" height=\"675\" loading=\"lazy\" src=\"https:\/\/elcarmelo.eus\/wp-content\/uploads\/2026\/04\/IMG_0903-1200x675.jpg\" srcset=\"https:\/\/elcarmelo.eus\/wp-content\/uploads\/2026\/04\/IMG_0903-1200x675.jpg 1200w,https:\/\/elcarmelo.eus\/wp-content\/uploads\/2026\/04\/IMG_0903-1200x675.jpg 1200w,https:\/\/elcarmelo.eus\/wp-content\/uploads\/2026\/04\/IMG_0903-scaled.jpg 2560w\" sizes=\"auto, 250px\"\/><\/a><\/div><div class=\"sgb-item\"><a href=\"https:\/\/elcarmelo.eus\/?attachment_id=50733\" target=\"_blank\"><img decoding=\"async\" alt=\"\" width=\"1200\" height=\"675\" loading=\"lazy\" src=\"https:\/\/elcarmelo.eus\/wp-content\/uploads\/2026\/04\/IMG_0905-1200x675.jpg\" srcset=\"https:\/\/elcarmelo.eus\/wp-content\/uploads\/2026\/04\/IMG_0905-1200x675.jpg 1200w,https:\/\/elcarmelo.eus\/wp-content\/uploads\/2026\/04\/IMG_0905-1200x675.jpg 1200w,https:\/\/elcarmelo.eus\/wp-content\/uploads\/2026\/04\/IMG_0905-scaled.jpg 2560w\" sizes=\"auto, 250px\"\/><\/a><\/div><div class=\"sgb-item\"><a href=\"https:\/\/elcarmelo.eus\/?attachment_id=50734\" target=\"_blank\"><img decoding=\"async\" alt=\"\" width=\"1200\" height=\"902\" loading=\"lazy\" src=\"https:\/\/elcarmelo.eus\/wp-content\/uploads\/2026\/04\/IMG_0909-1200x902.jpg\" srcset=\"https:\/\/elcarmelo.eus\/wp-content\/uploads\/2026\/04\/IMG_0909-1200x902.jpg 1200w,https:\/\/elcarmelo.eus\/wp-content\/uploads\/2026\/04\/IMG_0909-1200x902.jpg 1200w,https:\/\/elcarmelo.eus\/wp-content\/uploads\/2026\/04\/IMG_0909-scaled.jpg 2560w\" sizes=\"auto, 250px\"\/><\/a><\/div><\/div><\/noscript><\/div><script type=\"application\/json\" class=\"sgb-data\">{\"sliderAdminWidth\":840,\"galleryType\":\"pgc_sgb_slider\",\"galleryId\":\"3e454024\",\"images\":[{\"id\":50725,\"title\":\"IMG_0810\",\"url\":\"https:\/\/elcarmelo.eus\/wp-content\/uploads\/2026\/04\/IMG_0810-scaled.jpg\",\"link\":\"https:\/\/elcarmelo.eus\/?attachment_id=50725\",\"alt\":\"\",\"description\":\"\",\"caption\":\"\",\"mime\":\"image\/jpeg\",\"type\":\"image\",\"width\":2560,\"height\":1920,\"sizes\":{\"thumbnail\":{\"height\":300,\"width\":300,\"url\":\"https:\/\/elcarmelo.eus\/wp-content\/uploads\/2026\/04\/IMG_0810-300x300.jpg\",\"orientation\":\"landscape\"},\"medium\":{\"height\":900,\"width\":1200,\"url\":\"https:\/\/elcarmelo.eus\/wp-content\/uploads\/2026\/04\/IMG_0810-1200x900.jpg\",\"orientation\":\"landscape\"},\"large\":{\"height\":900,\"width\":1200,\"url\":\"https:\/\/elcarmelo.eus\/wp-content\/uploads\/2026\/04\/IMG_0810-1200x900.jpg\",\"orientation\":\"landscape\"},\"full\":{\"url\":\"https:\/\/elcarmelo.eus\/wp-content\/uploads\/2026\/04\/IMG_0810-scaled.jpg\",\"height\":1920,\"width\":2560,\"orientation\":\"landscape\"}},\"imageMeta\":{\"aperture\":\"1.8\",\"credit\":\"\",\"camera\":\"iPhone SE (2nd generation)\",\"caption\":\"\",\"created_timestamp\":\"1776427022\",\"copyright\":\"\",\"focal_length\":\"3.99\",\"iso\":\"20\",\"shutter_speed\":\"0.0041152263374486\",\"title\":\"\",\"orientation\":\"1\",\"keywords\":[]},\"meta\":false,\"postlink\":\"https:\/\/elcarmelo.eus\/?attachment_id=50725\"},{\"id\":50726,\"title\":\"IMG_0891\",\"url\":\"https:\/\/elcarmelo.eus\/wp-content\/uploads\/2026\/04\/IMG_0891-scaled.jpg\",\"link\":\"https:\/\/elcarmelo.eus\/?attachment_id=50726\",\"alt\":\"\",\"description\":\"\",\"caption\":\"\",\"mime\":\"image\/jpeg\",\"type\":\"image\",\"width\":1920,\"height\":2560,\"sizes\":{\"thumbnail\":{\"height\":300,\"width\":300,\"url\":\"https:\/\/elcarmelo.eus\/wp-content\/uploads\/2026\/04\/IMG_0891-300x300.jpg\",\"orientation\":\"landscape\"},\"medium\":{\"height\":1200,\"width\":900,\"url\":\"https:\/\/elcarmelo.eus\/wp-content\/uploads\/2026\/04\/IMG_0891-900x1200.jpg\",\"orientation\":\"portrait\"},\"large\":{\"height\":1200,\"width\":900,\"url\":\"https:\/\/elcarmelo.eus\/wp-content\/uploads\/2026\/04\/IMG_0891-900x1200.jpg\",\"orientation\":\"portrait\"},\"full\":{\"url\":\"https:\/\/elcarmelo.eus\/wp-content\/uploads\/2026\/04\/IMG_0891-scaled.jpg\",\"height\":2560,\"width\":1920,\"orientation\":\"portrait\"}},\"imageMeta\":{\"aperture\":\"1.8\",\"credit\":\"\",\"camera\":\"iPhone SE (2nd generation)\",\"caption\":\"\",\"created_timestamp\":\"1777031102\",\"copyright\":\"\",\"focal_length\":\"3.99\",\"iso\":\"20\",\"shutter_speed\":\"0.00056211354693648\",\"title\":\"\",\"orientation\":1,\"keywords\":[]},\"meta\":false,\"postlink\":\"https:\/\/elcarmelo.eus\/?attachment_id=50726\"},{\"id\":50727,\"title\":\"IMG_0894\",\"url\":\"https:\/\/elcarmelo.eus\/wp-content\/uploads\/2026\/04\/IMG_0894-scaled.jpg\",\"link\":\"https:\/\/elcarmelo.eus\/?attachment_id=50727\",\"alt\":\"\",\"description\":\"\",\"caption\":\"\",\"mime\":\"image\/jpeg\",\"type\":\"image\",\"width\":1920,\"height\":2560,\"sizes\":{\"thumbnail\":{\"height\":300,\"width\":300,\"url\":\"https:\/\/elcarmelo.eus\/wp-content\/uploads\/2026\/04\/IMG_0894-300x300.jpg\",\"orientation\":\"landscape\"},\"medium\":{\"height\":1200,\"width\":900,\"url\":\"https:\/\/elcarmelo.eus\/wp-content\/uploads\/2026\/04\/IMG_0894-900x1200.jpg\",\"orientation\":\"portrait\"},\"large\":{\"height\":1200,\"width\":900,\"url\":\"https:\/\/elcarmelo.eus\/wp-content\/uploads\/2026\/04\/IMG_0894-900x1200.jpg\",\"orientation\":\"portrait\"},\"full\":{\"url\":\"https:\/\/elcarmelo.eus\/wp-content\/uploads\/2026\/04\/IMG_0894-scaled.jpg\",\"height\":2560,\"width\":1920,\"orientation\":\"portrait\"}},\"imageMeta\":{\"aperture\":\"1.8\",\"credit\":\"\",\"camera\":\"iPhone SE (2nd generation)\",\"caption\":\"\",\"created_timestamp\":\"1777031408\",\"copyright\":\"\",\"focal_length\":\"3.99\",\"iso\":\"20\",\"shutter_speed\":\"0.00066711140760507\",\"title\":\"\",\"orientation\":1,\"keywords\":[]},\"meta\":false,\"postlink\":\"https:\/\/elcarmelo.eus\/?attachment_id=50727\"},{\"id\":50728,\"title\":\"IMG_0895\",\"url\":\"https:\/\/elcarmelo.eus\/wp-content\/uploads\/2026\/04\/IMG_0895-scaled.jpg\",\"link\":\"https:\/\/elcarmelo.eus\/?attachment_id=50728\",\"alt\":\"\",\"description\":\"\",\"caption\":\"\",\"mime\":\"image\/jpeg\",\"type\":\"image\",\"width\":2560,\"height\":1440,\"sizes\":{\"thumbnail\":{\"height\":300,\"width\":300,\"url\":\"https:\/\/elcarmelo.eus\/wp-content\/uploads\/2026\/04\/IMG_0895-300x300.jpg\",\"orientation\":\"landscape\"},\"medium\":{\"height\":675,\"width\":1200,\"url\":\"https:\/\/elcarmelo.eus\/wp-content\/uploads\/2026\/04\/IMG_0895-1200x675.jpg\",\"orientation\":\"landscape\"},\"large\":{\"height\":675,\"width\":1200,\"url\":\"https:\/\/elcarmelo.eus\/wp-content\/uploads\/2026\/04\/IMG_0895-1200x675.jpg\",\"orientation\":\"landscape\"},\"full\":{\"url\":\"https:\/\/elcarmelo.eus\/wp-content\/uploads\/2026\/04\/IMG_0895-scaled.jpg\",\"height\":1440,\"width\":2560,\"orientation\":\"landscape\"}},\"imageMeta\":{\"aperture\":\"1.8\",\"credit\":\"\",\"camera\":\"iPhone SE (2nd generation)\",\"caption\":\"\",\"created_timestamp\":\"1777033729\",\"copyright\":\"\",\"focal_length\":\"3.99\",\"iso\":\"20\",\"shutter_speed\":\"0.00070821529745042\",\"title\":\"\",\"orientation\":\"1\",\"keywords\":[]},\"meta\":false,\"postlink\":\"https:\/\/elcarmelo.eus\/?attachment_id=50728\"},{\"id\":50729,\"title\":\"IMG_0897\",\"url\":\"https:\/\/elcarmelo.eus\/wp-content\/uploads\/2026\/04\/IMG_0897-scaled.jpg\",\"link\":\"https:\/\/elcarmelo.eus\/?attachment_id=50729\",\"alt\":\"\",\"description\":\"\",\"caption\":\"\",\"mime\":\"image\/jpeg\",\"type\":\"image\",\"width\":2560,\"height\":1440,\"sizes\":{\"thumbnail\":{\"height\":300,\"width\":300,\"url\":\"https:\/\/elcarmelo.eus\/wp-content\/uploads\/2026\/04\/IMG_0897-300x300.jpg\",\"orientation\":\"landscape\"},\"medium\":{\"height\":675,\"width\":1200,\"url\":\"https:\/\/elcarmelo.eus\/wp-content\/uploads\/2026\/04\/IMG_0897-1200x675.jpg\",\"orientation\":\"landscape\"},\"large\":{\"height\":675,\"width\":1200,\"url\":\"https:\/\/elcarmelo.eus\/wp-content\/uploads\/2026\/04\/IMG_0897-1200x675.jpg\",\"orientation\":\"landscape\"},\"full\":{\"url\":\"https:\/\/elcarmelo.eus\/wp-content\/uploads\/2026\/04\/IMG_0897-scaled.jpg\",\"height\":1440,\"width\":2560,\"orientation\":\"landscape\"}},\"imageMeta\":{\"aperture\":\"1.8\",\"credit\":\"\",\"camera\":\"iPhone SE (2nd generation)\",\"caption\":\"\",\"created_timestamp\":\"1777033739\",\"copyright\":\"\",\"focal_length\":\"3.99\",\"iso\":\"20\",\"shutter_speed\":\"0.0011037527593819\",\"title\":\"\",\"orientation\":\"1\",\"keywords\":[]},\"meta\":false,\"postlink\":\"https:\/\/elcarmelo.eus\/?attachment_id=50729\"},{\"id\":50730,\"title\":\"IMG_0900\",\"url\":\"https:\/\/elcarmelo.eus\/wp-content\/uploads\/2026\/04\/IMG_0900-scaled.jpg\",\"link\":\"https:\/\/elcarmelo.eus\/?attachment_id=50730\",\"alt\":\"\",\"description\":\"\",\"caption\":\"\",\"mime\":\"image\/jpeg\",\"type\":\"image\",\"width\":2560,\"height\":1440,\"sizes\":{\"thumbnail\":{\"height\":300,\"width\":300,\"url\":\"https:\/\/elcarmelo.eus\/wp-content\/uploads\/2026\/04\/IMG_0900-300x300.jpg\",\"orientation\":\"landscape\"},\"medium\":{\"height\":675,\"width\":1200,\"url\":\"https:\/\/elcarmelo.eus\/wp-content\/uploads\/2026\/04\/IMG_0900-1200x675.jpg\",\"orientation\":\"landscape\"},\"large\":{\"height\":675,\"width\":1200,\"url\":\"https:\/\/elcarmelo.eus\/wp-content\/uploads\/2026\/04\/IMG_0900-1200x675.jpg\",\"orientation\":\"landscape\"},\"full\":{\"url\":\"https:\/\/elcarmelo.eus\/wp-content\/uploads\/2026\/04\/IMG_0900-scaled.jpg\",\"height\":1440,\"width\":2560,\"orientation\":\"landscape\"}},\"imageMeta\":{\"aperture\":\"1.8\",\"credit\":\"\",\"camera\":\"iPhone SE (2nd generation)\",\"caption\":\"\",\"created_timestamp\":\"1777033761\",\"copyright\":\"\",\"focal_length\":\"3.99\",\"iso\":\"20\",\"shutter_speed\":\"0.001230012300123\",\"title\":\"\",\"orientation\":\"1\",\"keywords\":[]},\"meta\":false,\"postlink\":\"https:\/\/elcarmelo.eus\/?attachment_id=50730\"},{\"id\":50731,\"title\":\"IMG_0902\",\"url\":\"https:\/\/elcarmelo.eus\/wp-content\/uploads\/2026\/04\/IMG_0902-scaled.jpg\",\"link\":\"https:\/\/elcarmelo.eus\/?attachment_id=50731\",\"alt\":\"\",\"description\":\"\",\"caption\":\"\",\"mime\":\"image\/jpeg\",\"type\":\"image\",\"width\":2560,\"height\":1440,\"sizes\":{\"thumbnail\":{\"height\":300,\"width\":300,\"url\":\"https:\/\/elcarmelo.eus\/wp-content\/uploads\/2026\/04\/IMG_0902-300x300.jpg\",\"orientation\":\"landscape\"},\"medium\":{\"height\":675,\"width\":1200,\"url\":\"https:\/\/elcarmelo.eus\/wp-content\/uploads\/2026\/04\/IMG_0902-1200x675.jpg\",\"orientation\":\"landscape\"},\"large\":{\"height\":675,\"width\":1200,\"url\":\"https:\/\/elcarmelo.eus\/wp-content\/uploads\/2026\/04\/IMG_0902-1200x675.jpg\",\"orientation\":\"landscape\"},\"full\":{\"url\":\"https:\/\/elcarmelo.eus\/wp-content\/uploads\/2026\/04\/IMG_0902-scaled.jpg\",\"height\":1440,\"width\":2560,\"orientation\":\"landscape\"}},\"imageMeta\":{\"aperture\":\"1.8\",\"credit\":\"\",\"camera\":\"iPhone SE (2nd generation)\",\"caption\":\"\",\"created_timestamp\":\"1777033770\",\"copyright\":\"\",\"focal_length\":\"3.99\",\"iso\":\"20\",\"shutter_speed\":\"0.0007710100231303\",\"title\":\"\",\"orientation\":\"1\",\"keywords\":[]},\"meta\":false,\"postlink\":\"https:\/\/elcarmelo.eus\/?attachment_id=50731\"},{\"id\":50732,\"title\":\"IMG_0903\",\"url\":\"https:\/\/elcarmelo.eus\/wp-content\/uploads\/2026\/04\/IMG_0903-scaled.jpg\",\"link\":\"https:\/\/elcarmelo.eus\/?attachment_id=50732\",\"alt\":\"\",\"description\":\"\",\"caption\":\"\",\"mime\":\"image\/jpeg\",\"type\":\"image\",\"width\":2560,\"height\":1440,\"sizes\":{\"thumbnail\":{\"height\":300,\"width\":300,\"url\":\"https:\/\/elcarmelo.eus\/wp-content\/uploads\/2026\/04\/IMG_0903-300x300.jpg\",\"orientation\":\"landscape\"},\"medium\":{\"height\":675,\"width\":1200,\"url\":\"https:\/\/elcarmelo.eus\/wp-content\/uploads\/2026\/04\/IMG_0903-1200x675.jpg\",\"orientation\":\"landscape\"},\"large\":{\"height\":675,\"width\":1200,\"url\":\"https:\/\/elcarmelo.eus\/wp-content\/uploads\/2026\/04\/IMG_0903-1200x675.jpg\",\"orientation\":\"landscape\"},\"full\":{\"url\":\"https:\/\/elcarmelo.eus\/wp-content\/uploads\/2026\/04\/IMG_0903-scaled.jpg\",\"height\":1440,\"width\":2560,\"orientation\":\"landscape\"}},\"imageMeta\":{\"aperture\":\"1.8\",\"credit\":\"\",\"camera\":\"iPhone SE (2nd generation)\",\"caption\":\"\",\"created_timestamp\":\"1777033772\",\"copyright\":\"\",\"focal_length\":\"3.99\",\"iso\":\"20\",\"shutter_speed\":\"0.0011668611435239\",\"title\":\"\",\"orientation\":\"1\",\"keywords\":[]},\"meta\":false,\"postlink\":\"https:\/\/elcarmelo.eus\/?attachment_id=50732\"},{\"id\":50733,\"title\":\"IMG_0905\",\"url\":\"https:\/\/elcarmelo.eus\/wp-content\/uploads\/2026\/04\/IMG_0905-scaled.jpg\",\"link\":\"https:\/\/elcarmelo.eus\/?attachment_id=50733\",\"alt\":\"\",\"description\":\"\",\"caption\":\"\",\"mime\":\"image\/jpeg\",\"type\":\"image\",\"width\":2560,\"height\":1440,\"sizes\":{\"thumbnail\":{\"height\":300,\"width\":300,\"url\":\"https:\/\/elcarmelo.eus\/wp-content\/uploads\/2026\/04\/IMG_0905-300x300.jpg\",\"orientation\":\"landscape\"},\"medium\":{\"height\":675,\"width\":1200,\"url\":\"https:\/\/elcarmelo.eus\/wp-content\/uploads\/2026\/04\/IMG_0905-1200x675.jpg\",\"orientation\":\"landscape\"},\"large\":{\"height\":675,\"width\":1200,\"url\":\"https:\/\/elcarmelo.eus\/wp-content\/uploads\/2026\/04\/IMG_0905-1200x675.jpg\",\"orientation\":\"landscape\"},\"full\":{\"url\":\"https:\/\/elcarmelo.eus\/wp-content\/uploads\/2026\/04\/IMG_0905-scaled.jpg\",\"height\":1440,\"width\":2560,\"orientation\":\"landscape\"}},\"imageMeta\":{\"aperture\":\"1.8\",\"credit\":\"\",\"camera\":\"iPhone SE (2nd generation)\",\"caption\":\"\",\"created_timestamp\":\"1777033871\",\"copyright\":\"\",\"focal_length\":\"3.99\",\"iso\":\"20\",\"shutter_speed\":\"0.00068823124569855\",\"title\":\"\",\"orientation\":\"1\",\"keywords\":[]},\"meta\":false,\"postlink\":\"https:\/\/elcarmelo.eus\/?attachment_id=50733\"},{\"id\":50734,\"title\":\"IMG_0909\",\"url\":\"https:\/\/elcarmelo.eus\/wp-content\/uploads\/2026\/04\/IMG_0909-scaled.jpg\",\"link\":\"https:\/\/elcarmelo.eus\/?attachment_id=50734\",\"alt\":\"\",\"description\":\"\",\"caption\":\"\",\"mime\":\"image\/jpeg\",\"type\":\"image\",\"width\":2560,\"height\":1923,\"sizes\":{\"thumbnail\":{\"height\":300,\"width\":300,\"url\":\"https:\/\/elcarmelo.eus\/wp-content\/uploads\/2026\/04\/IMG_0909-300x300.jpg\",\"orientation\":\"landscape\"},\"medium\":{\"height\":902,\"width\":1200,\"url\":\"https:\/\/elcarmelo.eus\/wp-content\/uploads\/2026\/04\/IMG_0909-1200x902.jpg\",\"orientation\":\"landscape\"},\"large\":{\"height\":902,\"width\":1200,\"url\":\"https:\/\/elcarmelo.eus\/wp-content\/uploads\/2026\/04\/IMG_0909-1200x902.jpg\",\"orientation\":\"landscape\"},\"full\":{\"url\":\"https:\/\/elcarmelo.eus\/wp-content\/uploads\/2026\/04\/IMG_0909-scaled.jpg\",\"height\":1923,\"width\":2560,\"orientation\":\"landscape\"}},\"imageMeta\":{\"aperture\":\"2.2\",\"credit\":\"\",\"camera\":\"iPhone SE (2nd generation)\",\"caption\":\"\",\"created_timestamp\":\"1777034406\",\"copyright\":\"\",\"focal_length\":\"2.87\",\"iso\":\"20\",\"shutter_speed\":\"0.0055865921787709\",\"title\":\"\",\"orientation\":1,\"keywords\":[]},\"meta\":false,\"postlink\":\"https:\/\/elcarmelo.eus\/?attachment_id=50734\"}],\"itemsMetaDataCollection\":[]}<\/script><script>(function(){if(window.PGC_SGB && window.PGC_SGB.searcher){window.PGC_SGB.searcher.initBlocks()}})()<\/script><\/div>\n\n\n<p><\/p>\n","protected":false},"excerpt":{"rendered":"<p class=\"resumen\"><a href=\"https:\/\/elcarmelo.eus\/es\/bizikleta-irteera-afos\/\">Para poner fin a la asignatura de AFOS, hemos realizado dos salidas en bicicleta en las \u00faltimas semanas. Durante unos  [&hellip;]<\/a><\/p>\n","protected":false},"author":16,"featured_media":50737,"comment_status":"closed","ping_status":"closed","sticky":false,"template":"","format":"standard","meta":{"pgc_sgb_lightbox_settings":"","footnotes":""},"categories":[1],"tags":[],"class_list":["post-50736","post","type-post","status-publish","format-standard","has-post-thumbnail","hentry","category-noticias"],"_links":{"self":[{"href":"https:\/\/elcarmelo.eus\/es\/wp-json\/wp\/v2\/posts\/50736","targetHints":{"allow":["GET"]}}],"collection":[{"href":"https:\/\/elcarmelo.eus\/es\/wp-json\/wp\/v2\/posts"}],"about":[{"href":"https:\/\/elcarmelo.eus\/es\/wp-json\/wp\/v2\/types\/post"}],"author":[{"embeddable":true,"href":"https:\/\/elcarmelo.eus\/es\/wp-json\/wp\/v2\/users\/16"}],"replies":[{"embeddable":true,"href":"https:\/\/elcarmelo.eus\/es\/wp-json\/wp\/v2\/comments?post=50736"}],"version-history":[{"count":1,"href":"https:\/\/elcarmelo.eus\/es\/wp-json\/wp\/v2\/posts\/50736\/revisions"}],"predecessor-version":[{"id":50747,"href":"https:\/\/elcarmelo.eus\/es\/wp-json\/wp\/v2\/posts\/50736\/revisions\/50747"}],"wp:featuredmedia":[{"embeddable":true,"href":"https:\/\/elcarmelo.eus\/es\/wp-json\/wp\/v2\/media\/50737"}],"wp:attachment":[{"href":"https:\/\/elcarmelo.eus\/es\/wp-json\/wp\/v2\/media?parent=50736"}],"wp:term":[{"taxonomy":"category","embeddable":true,"href":"https:\/\/elcarmelo.eus\/es\/wp-json\/wp\/v2\/categories?post=50736"},{"taxonomy":"post_tag","embeddable":true,"href":"https:\/\/elcarmelo.eus\/es\/wp-json\/wp\/v2\/tags?post=50736"}],"curies":[{"name":"wp","href":"https:\/\/api.w.org\/{rel}","templated":true}]}}